{"id":3667,"date":"2023-07-17T07:41:27","date_gmt":"2023-07-17T07:41:27","guid":{"rendered":"http:\/\/www.coscyl.com\/?p=3667"},"modified":"2023-08-09T09:05:57","modified_gmt":"2023-08-09T09:05:57","slug":"orquesta-sinfonica","status":"publish","type":"post","link":"https:\/\/coscyl.com\/en\/orquesta-sinfonica\/","title":{"rendered":"Orquesta Sinf\u00f3nica"},"content":{"rendered":"<p>La Orquesta Sinf\u00f3nica del Conservatorio Superior de Salamanca naci\u00f3 en 1995 impulsada sobre todo por la iniciativa de la entonces catedr\u00e1tica de viol\u00edn Isabel Vil\u00e1, para dotar a los alumnos del centro de una agrupaci\u00f3n de gran calidad en la que profundizar sus cualidades interpretativas y difundir fuera del centro educativo y de la ciudad de Salamanca el trabajo que se realiza en el conservatorio por parte de los profesores y alumnos del centro. Desde entonces la Orquesta se ha presentado en distintos auditorios de la Comunidad de Castilla y Le\u00f3n y especialmente en Salamanca, as\u00ed como en el Teatro Monumental de Madrid, en L\u2019Auditori de Barcelona y en otros importantes auditorios de Espa\u00f1a.<\/p>\n\n\n\n<p>La orquesta fue pionera en la celebraci\u00f3n de encuentros intensivos, concentrando el trabajo en per\u00edodos de aproximadamente 10 d\u00edas de duraci\u00f3n, lo que ha permitido siempre preparar programas de gran calidad tras eventuales sesiones de an\u00e1lisis y detallados ensayos seccionales antes del comienzo de los ensayos tutti. Teor\u00eda y pr\u00e1ctica confluyen en un \u00fanico fin que ser\u00e1 puesto en com\u00fan con el trabajo de cada uno de los directores invitados, el principal de los cuales ha sido el maestro alem\u00e1n Lutz K\u00f6hler, que ha dirigido la agrupaci\u00f3n regularmente desde el su creaci\u00f3n hasta la actualidad. Tambi\u00e9n se han subido al podio otros prestigiosos directores invitados como Pablo Gonz\u00e1lez, Philippe Bach, Florian Donderer, Donald Portnoy, Wolfgang Kurz, Rub\u00e9n Gimeno y Marzena Diakun.<\/p>","protected":false},"excerpt":{"rendered":"<p>La Orquesta Sinf\u00f3nica del Conservatorio Superior de Salamanca naci\u00f3 en 1995 impulsada sobre todo por la iniciativa de la entonces catedr\u00e1tica de viol\u00edn Isabel Vil\u00e1, para dotar a los alumnos del centro de una agrupaci\u00f3n de gran calidad en la que profundizar sus cualidades interpretativas y difundir fuera del centro educativo y de la ciudad [&hellip;]<\/p>","protected":false},"author":1,"featured_media":4743,"comment_status":"open","ping_status":"open","sticky":false,"template":"","format":"standard","meta":{"footnotes":""},"categories":[77],"tags":[],"class_list":["post-3667","post","type-post","status-publish","format-standard","has-post-thumbnail","hentry","category-grandes-proyectos"],"_links":{"self":[{"href":"https:\/\/coscyl.com\/en\/wp-json\/wp\/v2\/posts\/3667","targetHints":{"allow":["GET"]}}],"collection":[{"href":"https:\/\/coscyl.com\/en\/wp-json\/wp\/v2\/posts"}],"about":[{"href":"https:\/\/coscyl.com\/en\/wp-json\/wp\/v2\/types\/post"}],"author":[{"embeddable":true,"href":"https:\/\/coscyl.com\/en\/wp-json\/wp\/v2\/users\/1"}],"replies":[{"embeddable":true,"href":"https:\/\/coscyl.com\/en\/wp-json\/wp\/v2\/comments?post=3667"}],"version-history":[{"count":1,"href":"https:\/\/coscyl.com\/en\/wp-json\/wp\/v2\/posts\/3667\/revisions"}],"predecessor-version":[{"id":3668,"href":"https:\/\/coscyl.com\/en\/wp-json\/wp\/v2\/posts\/3667\/revisions\/3668"}],"wp:featuredmedia":[{"embeddable":true,"href":"https:\/\/coscyl.com\/en\/wp-json\/wp\/v2\/media\/4743"}],"wp:attachment":[{"href":"https:\/\/coscyl.com\/en\/wp-json\/wp\/v2\/media?parent=3667"}],"wp:term":[{"taxonomy":"category","embeddable":true,"href":"https:\/\/coscyl.com\/en\/wp-json\/wp\/v2\/categories?post=3667"},{"taxonomy":"post_tag","embeddable":true,"href":"https:\/\/coscyl.com\/en\/wp-json\/wp\/v2\/tags?post=3667"}],"curies":[{"name":"wp","href":"https:\/\/api.w.org\/{rel}","templated":true}]}}