{"id":3662,"date":"2023-07-17T07:38:16","date_gmt":"2023-07-17T07:38:16","guid":{"rendered":"http:\/\/www.coscyl.com\/?p=3662"},"modified":"2023-08-09T09:06:39","modified_gmt":"2023-08-09T09:06:39","slug":"taller-de-musica-contemporanea","status":"publish","type":"post","link":"https:\/\/coscyl.com\/en\/taller-de-musica-contemporanea\/","title":{"rendered":"Taller de M\u00fasica Contempor\u00e1nea"},"content":{"rendered":"<p>El TaCoS (Taller de M\u00fasica Contempor\u00e1nea del Conservatorio Superior de M\u00fasica de Salamanca) acerca a los alumnos al mundo de la m\u00fasica escrita a partir de la segunda mitad del XX hasta la compuesta en nuestros d\u00edas. Cada a\u00f1o, un grupo de entre cincuenta y cien alumnos trabaja en ensemble, grupos de c\u00e1mara y con m\u00fasica electr\u00f3nica para preparar una serie de conciertos en los que se programa m\u00fasica contempor\u00e1nea de todas las est\u00e9ticas, incluidos los estrenos de alumnos de composici\u00f3n del Centro.<\/p>\n\n\n\n<p>Su repertorio comprende obras de autores tan representativos de la m\u00fasica del siglo XX como Var\u00e8se, Stravinsky, Boulez, Messiaen, Feldman, Lutoslawsky, Crumb, Takemitsu, K\u00fartag, Romitelli, Scelsi, Grisey, Saarahio, Birtwistle, Rihm, Benjamin, Ligeti, Matsushita, Lindberg, Hosokawa o Berio y los espa\u00f1oles Halffter, De Pablo, L\u00f3pez L\u00f3pez, Gombau, Camarero, Rueda o Verd\u00fa que el TaCoS interpretado bajo la batuta de directores como Zsolt Nagy, Wolfgang Lischke, Fabi\u00e1n Panisello, Jos\u00e9 De Eusebio, Jean-Paul Dessy, Jos\u00e9 Luis Temes o Javier Castro. El Taller ha publicado un CD en el sello Verso con la m\u00fasica de ensemble de Gerardo Gombau y tiene grabaciones con RNE (Radio Cl\u00e1sica).<\/p>","protected":false},"excerpt":{"rendered":"<p>El TaCoS (Taller de M\u00fasica Contempor\u00e1nea del Conservatorio Superior de M\u00fasica de Salamanca) acerca a los alumnos al mundo de la m\u00fasica escrita a partir de la segunda mitad del XX hasta la compuesta en nuestros d\u00edas. Cada a\u00f1o, un grupo de entre cincuenta y cien alumnos trabaja en ensemble, grupos de c\u00e1mara y con [&hellip;]<\/p>","protected":false},"author":1,"featured_media":4736,"comment_status":"open","ping_status":"open","sticky":false,"template":"","format":"standard","meta":{"footnotes":""},"categories":[77],"tags":[],"class_list":["post-3662","post","type-post","status-publish","format-standard","has-post-thumbnail","hentry","category-grandes-proyectos"],"_links":{"self":[{"href":"https:\/\/coscyl.com\/en\/wp-json\/wp\/v2\/posts\/3662","targetHints":{"allow":["GET"]}}],"collection":[{"href":"https:\/\/coscyl.com\/en\/wp-json\/wp\/v2\/posts"}],"about":[{"href":"https:\/\/coscyl.com\/en\/wp-json\/wp\/v2\/types\/post"}],"author":[{"embeddable":true,"href":"https:\/\/coscyl.com\/en\/wp-json\/wp\/v2\/users\/1"}],"replies":[{"embeddable":true,"href":"https:\/\/coscyl.com\/en\/wp-json\/wp\/v2\/comments?post=3662"}],"version-history":[{"count":1,"href":"https:\/\/coscyl.com\/en\/wp-json\/wp\/v2\/posts\/3662\/revisions"}],"predecessor-version":[{"id":3663,"href":"https:\/\/coscyl.com\/en\/wp-json\/wp\/v2\/posts\/3662\/revisions\/3663"}],"wp:featuredmedia":[{"embeddable":true,"href":"https:\/\/coscyl.com\/en\/wp-json\/wp\/v2\/media\/4736"}],"wp:attachment":[{"href":"https:\/\/coscyl.com\/en\/wp-json\/wp\/v2\/media?parent=3662"}],"wp:term":[{"taxonomy":"category","embeddable":true,"href":"https:\/\/coscyl.com\/en\/wp-json\/wp\/v2\/categories?post=3662"},{"taxonomy":"post_tag","embeddable":true,"href":"https:\/\/coscyl.com\/en\/wp-json\/wp\/v2\/tags?post=3662"}],"curies":[{"name":"wp","href":"https:\/\/api.w.org\/{rel}","templated":true}]}}