{"id":3651,"date":"2023-07-17T07:32:39","date_gmt":"2023-07-17T07:32:39","guid":{"rendered":"http:\/\/www.coscyl.com\/?p=3651"},"modified":"2023-08-09T09:05:13","modified_gmt":"2023-08-09T09:05:13","slug":"banda-sinfonica","status":"publish","type":"post","link":"https:\/\/coscyl.com\/en\/banda-sinfonica\/","title":{"rendered":"Banda Sinf\u00f3nica"},"content":{"rendered":"<p>Las dimensiones de la Banda han ido ampli\u00e1ndose cada a\u00f1o y ya en el curso 2011\/12 reuni\u00f3 una plantilla de 80 m\u00fasicos, siendo el primer a\u00f1o en participar en dicha agrupaci\u00f3n cuerda convirti\u00e9ndose de esta forma en BANDA SINF\u00d3NICA.<\/p>\n\n\n\n<p>Los inicios de la banda fueron llevados \u00edntegramente por el profesor Rub\u00e9n Prades y desde el curso pasado se ha sumado el profesor Roberto Bod\u00ed como codirector de dicha agrupaci\u00f3n.<\/p>\n\n\n\n<p>El repertorio trabajado durante estos a\u00f1os abarca tanto obras originales para banda como transcripciones sinf\u00f3nicas.<\/p>","protected":false},"excerpt":{"rendered":"<p>Las dimensiones de la Banda han ido ampli\u00e1ndose cada a\u00f1o y ya en el curso 2011\/12 reuni\u00f3 una plantilla de 80 m\u00fasicos, siendo el primer a\u00f1o en participar en dicha agrupaci\u00f3n cuerda convirti\u00e9ndose de esta forma en BANDA SINF\u00d3NICA. Los inicios de la banda fueron llevados \u00edntegramente por el profesor Rub\u00e9n Prades y desde el [&hellip;]<\/p>","protected":false},"author":1,"featured_media":4758,"comment_status":"open","ping_status":"open","sticky":false,"template":"","format":"standard","meta":{"footnotes":""},"categories":[77],"tags":[],"class_list":["post-3651","post","type-post","status-publish","format-standard","has-post-thumbnail","hentry","category-grandes-proyectos"],"_links":{"self":[{"href":"https:\/\/coscyl.com\/en\/wp-json\/wp\/v2\/posts\/3651","targetHints":{"allow":["GET"]}}],"collection":[{"href":"https:\/\/coscyl.com\/en\/wp-json\/wp\/v2\/posts"}],"about":[{"href":"https:\/\/coscyl.com\/en\/wp-json\/wp\/v2\/types\/post"}],"author":[{"embeddable":true,"href":"https:\/\/coscyl.com\/en\/wp-json\/wp\/v2\/users\/1"}],"replies":[{"embeddable":true,"href":"https:\/\/coscyl.com\/en\/wp-json\/wp\/v2\/comments?post=3651"}],"version-history":[{"count":1,"href":"https:\/\/coscyl.com\/en\/wp-json\/wp\/v2\/posts\/3651\/revisions"}],"predecessor-version":[{"id":3652,"href":"https:\/\/coscyl.com\/en\/wp-json\/wp\/v2\/posts\/3651\/revisions\/3652"}],"wp:featuredmedia":[{"embeddable":true,"href":"https:\/\/coscyl.com\/en\/wp-json\/wp\/v2\/media\/4758"}],"wp:attachment":[{"href":"https:\/\/coscyl.com\/en\/wp-json\/wp\/v2\/media?parent=3651"}],"wp:term":[{"taxonomy":"category","embeddable":true,"href":"https:\/\/coscyl.com\/en\/wp-json\/wp\/v2\/categories?post=3651"},{"taxonomy":"post_tag","embeddable":true,"href":"https:\/\/coscyl.com\/en\/wp-json\/wp\/v2\/tags?post=3651"}],"curies":[{"name":"wp","href":"https:\/\/api.w.org\/{rel}","templated":true}]}}