{"id":1391,"date":"2023-07-05T15:20:11","date_gmt":"2023-07-05T15:20:11","guid":{"rendered":"http:\/\/www.coscyl.com\/?p=1391"},"modified":"2024-01-28T16:52:32","modified_gmt":"2024-01-28T16:52:32","slug":"enrique-morillas-jimenez","status":"publish","type":"post","link":"https:\/\/coscyl.com\/en\/enrique-morillas-jimenez\/","title":{"rendered":"Enrique Morillas Jim\u00e9nez"},"content":{"rendered":"<p>Nacido en Granada (Espa\u00f1a) en el a\u00f1o 1990. Comienza sus estudios musicales a la edad de 9 a\u00f1os, especializ\u00e1ndose en trompeta, en el Conservatorio Profesional de m\u00fasica \u201c\u00c1ngel Barrios\u201d de Granada y se gradu\u00f3 en el RCSM \u201cVictoria Eugenia\u201d de Granada en el a\u00f1o 2015, recibiendo clases de los profesores Antonio Portillo y Jorge Giner, entre otros. En el a\u00f1o 2012 obtuvo la diplomatura en Magisterio de M\u00fasica y complet\u00f3 su formaci\u00f3n con dos M\u00e1ster Universitarios, uno de ellos M\u00e1ster Universitario en Profesorado De Educaci\u00f3n Secundaria Obligatoria, Bachillerato, Formaci\u00f3n Profesional y Ense\u00f1anza de Idiomas, en la especialidad de m\u00fasica realizado en el a\u00f1o 2016 y otro m\u00e1s enfocado en la investigaci\u00f3n como es el M\u00e1ster de Patrimonio Musical realizado en el a\u00f1o 2018.<\/p>\n\n\n\n<p>Ha asistido a numerosas clases magistrales de trompetistas de gran reconocimiento internacional como Arturo Sandoval, Yturvides, Adam Rapa, Benjam\u00edn Moreno, Manuel Blanco, Esteban Batall\u00e1n, Fran Rivero, Denis Konir, Arturo Garc\u00eda Espin\u00f3s, Mireia Farr\u00e9s.<\/p>\n\n\n\n<p>Desde que finaliz\u00f3 sus estudios en el Conservatorio sinti\u00f3 inter\u00e9s por adentrarse dentro de la m\u00fasica popular para completar su formaci\u00f3n cl\u00e1sica, as\u00ed pues, empez\u00f3 a estudiar trompeta bajo la tutela de Sergio Fern\u00e1ndez quien le otorg\u00f3 una perspectiva cubana y le ense\u00f1\u00f3 c\u00f3mo se ha de interpretar los distintos g\u00e9neros de la m\u00fasica popular.<\/p>\n\n\n\n<p>Realiza estudios de armon\u00eda moderna e improvisaci\u00f3n primeramente con Kiko Aguado durante 2016-2018; y en segundo lugar con Rafael Garc\u00e9s (gran saxofonista, pianista y docente de jazz a nivel internacional) durante 2018 -2019.&nbsp;<\/p>\n\n\n\n<p>Siempre est\u00e1 en continua formaci\u00f3n, ampliando sus conocimientos pedag\u00f3gicos, trompet\u00edsticos y de marketing digital. Desde hace un par de a\u00f1os, ha investigado c\u00f3mo las Tecnolog\u00edas de la Informaci\u00f3n y la Comunicaci\u00f3n han afectado a los m\u00fasicos y c\u00f3mo utilizarlas a nuestro favor para crear nuevas salidas profesionales adem\u00e1s de las ya conocidas. &nbsp;<\/p>\n\n\n\n<p><strong>EXPERIENCIA LABORAL<\/strong><\/p>\n\n\n\n<p>Su experiencia docente es muy amplia y ha abarcado distintos \u00e1mbitos educativos (Educaci\u00f3n Primaria, Educaci\u00f3n Secundaria, Escuelas Municipales de M\u00fasica y Conservatorios Superiores de M\u00fasica). Ha tenido un alumnado muy variado en cuanto a edades, nacionalidades y niveles acad\u00e9micos. Todo ello ha sido muy enriquecedor porque ha tenido que adaptarse a las diferentes situaciones, seleccionar aquellos enfoques metodol\u00f3gicos que mejor se adec\u00faen al tipo de alumnado, buscar la manera de solventar todo tipo de adversidades y cubrir sus necesidades.<\/p>\n\n\n\n<p>Su trayectoria como docente de trompeta ha sido la siguiente:<\/p>\n\n\n\n<ol class=\"wp-block-list\">\n<li><strong>Escuelas Municipales de M\u00fasica<\/strong>:&nbsp;<\/li>\n<\/ol>\n\n\n\n<ul class=\"wp-block-list\">\n<li>La Escuela de M\u00fasica de la Banda de Loja&nbsp;<\/li>\n\n\n\n<li>La Escuela de M\u00fasica de Pinos Puente&nbsp;<\/li>\n\n\n\n<li>La Escuela de M\u00fasica de D\u00farcal&nbsp;<\/li>\n\n\n\n<li>La Escuela de M\u00fasica de Maracena<\/li>\n<\/ul>\n\n\n\n<ol class=\"wp-block-list\">\n<li><strong>Colegio de Educaci\u00f3n Primaria con Curr\u00edculo Integrado de M\u00fasica:<\/strong>\n<ul class=\"wp-block-list\">\n<li>CEIP \u201cPierres Vedel\u201d de Teruel&nbsp;<\/li>\n<\/ul>\n<\/li>\n\n\n\n<li><strong>Conservatorios Superiores de M\u00fasica:<\/strong>\n<ul class=\"wp-block-list\">\n<li>Conservatorio Superior de M\u00fasica \u201cRafael Orozco\u201d de C\u00f3rdoba&nbsp;<\/li>\n\n\n\n<li>Conservatorio Superior de M\u00fasica de Castilla y Le\u00f3n (actualmente)<\/li>\n<\/ul>\n<\/li>\n<\/ol>\n\n\n\n<p>Enrique Morillas ha sabido compaginar su labor docente con la de ser m\u00fasico. Ha participado en varias ocasiones en el programa de la Joven Academia de la Orquesta Ciudad de Granada, ha asistido a distintos encuentros con la Orquesta Joven de Andaluc\u00eda y perteneci\u00f3 a la Joven Orquesta Sinf\u00f3nica de Granada con la que realiz\u00f3 una gira de conciertos por Italia.&nbsp;<\/p>\n\n\n\n<p>Ha sido trompetista de orquestas profesionales de m\u00fasica popular durante m\u00e1s de siete a\u00f1os, tocando diversos estilos musicales. Ha sido invitado como solista en diversas formaciones recorriendo los teatros de distintos municipios y ha acompa\u00f1ado a artistas de talla nacional e internacional como la Orquesta Guayac\u00e1n, Canelita, Nazaret Compaz, Adam Rapa, Yturvides, Ismael Rodr\u00edguez, Mari\u00e1n Villafranca, entre otros. Tambi\u00e9n participa como invitado en Orquestas Sinf\u00f3nicas, Bandas Municipales o Big Bands.<\/p>\n\n\n\n<p>Tambi\u00e9n ha participado en grabaciones de discos de marchas procesionales junto a distintas Bandas de M\u00fasica Municipales, as\u00ed como en la grabaci\u00f3n de \u201cB\u00f3reas Ventus\u201d y \u201cB\u00f3reas Ventus II\u201d junto a un grupo de c\u00e1mara formado por instrumentos de viento madera y viento metal.&nbsp;<\/p>","protected":false},"excerpt":{"rendered":"<p>Nacido en Granada (Espa\u00f1a) en el a\u00f1o 1990. Comienza sus estudios musicales a la edad de 9 a\u00f1os, especializ\u00e1ndose en trompeta, en el Conservatorio Profesional de m\u00fasica \u201c\u00c1ngel Barrios\u201d de Granada y se gradu\u00f3 en el RCSM \u201cVictoria Eugenia\u201d de Granada en el a\u00f1o 2015, recibiendo clases de los profesores Antonio Portillo y Jorge Giner, [&hellip;]<\/p>","protected":false},"author":1,"featured_media":7120,"comment_status":"open","ping_status":"open","sticky":false,"template":"","format":"standard","meta":{"footnotes":""},"categories":[67],"tags":[],"class_list":["post-1391","post","type-post","status-publish","format-standard","has-post-thumbnail","hentry","category-trompeta"],"_links":{"self":[{"href":"https:\/\/coscyl.com\/en\/wp-json\/wp\/v2\/posts\/1391","targetHints":{"allow":["GET"]}}],"collection":[{"href":"https:\/\/coscyl.com\/en\/wp-json\/wp\/v2\/posts"}],"about":[{"href":"https:\/\/coscyl.com\/en\/wp-json\/wp\/v2\/types\/post"}],"author":[{"embeddable":true,"href":"https:\/\/coscyl.com\/en\/wp-json\/wp\/v2\/users\/1"}],"replies":[{"embeddable":true,"href":"https:\/\/coscyl.com\/en\/wp-json\/wp\/v2\/comments?post=1391"}],"version-history":[{"count":3,"href":"https:\/\/coscyl.com\/en\/wp-json\/wp\/v2\/posts\/1391\/revisions"}],"predecessor-version":[{"id":7121,"href":"https:\/\/coscyl.com\/en\/wp-json\/wp\/v2\/posts\/1391\/revisions\/7121"}],"wp:featuredmedia":[{"embeddable":true,"href":"https:\/\/coscyl.com\/en\/wp-json\/wp\/v2\/media\/7120"}],"wp:attachment":[{"href":"https:\/\/coscyl.com\/en\/wp-json\/wp\/v2\/media?parent=1391"}],"wp:term":[{"taxonomy":"category","embeddable":true,"href":"https:\/\/coscyl.com\/en\/wp-json\/wp\/v2\/categories?post=1391"},{"taxonomy":"post_tag","embeddable":true,"href":"https:\/\/coscyl.com\/en\/wp-json\/wp\/v2\/tags?post=1391"}],"curies":[{"name":"wp","href":"https:\/\/api.w.org\/{rel}","templated":true}]}}