{"id":1333,"date":"2023-07-05T12:06:00","date_gmt":"2023-07-05T12:06:00","guid":{"rendered":"http:\/\/www.coscyl.com\/?p=1333"},"modified":"2026-01-31T07:54:19","modified_gmt":"2026-01-31T06:54:19","slug":"jose-antonio-del-barco-diaz","status":"publish","type":"post","link":"https:\/\/coscyl.com\/en\/jose-antonio-del-barco-diaz\/","title":{"rendered":"Jos\u00e9 Antonio del Barco D\u00edaz"},"content":{"rendered":"<p>Jos\u00e9 Antonio del Barco es pianista, compositor y profesor, con una trayectoria que integra una s\u00f3lida formaci\u00f3n acad\u00e9mica, una amplia experiencia pedag\u00f3gica y una actividad art\u00edstica desarrollada entre la m\u00fasica cl\u00e1sica, el jazz y la creaci\u00f3n contempor\u00e1nea.<\/p>\n\n\n\n\n\n<p>En el \u00e1mbito de la m\u00fasica cl\u00e1sica ha sido reconocido con diversos galardones, entre los que destaca el Premio Esther Guill\u00e9n de las Bellas Artes, distinci\u00f3n que le permiti\u00f3 interpretar el Primer Concierto para Piano y Orquesta de Franz Liszt junto a la Orquesta Sinf\u00f3nica de Recife, en Brasil. Estas experiencias marcaron una etapa decisiva en su desarrollo como int\u00e9rprete.<\/p>\n\n\n\n<p>Su actividad concert\u00edstica actual se centra principalmente en su tr\u00edo de jazz, con el que desarrolla un lenguaje personal que combina la improvisaci\u00f3n, la composici\u00f3n y la apertura a diferentes tradiciones musicales. Esta b\u00fasqueda art\u00edstica se refleja tambi\u00e9n en su trabajo discogr\u00e1fico, entre el que destaca el \u00e1lbum <em>Madrid\u2013Se\u00fal<\/em>, un proyecto en el que explora la fusi\u00f3n entre elementos de la m\u00fasica tradicional coreana y rasgos propios de la m\u00fasica espa\u00f1ola, todo ello integrado en un discurso jazz\u00edstico contempor\u00e1neo con una clara vocaci\u00f3n de di\u00e1logo intercultural.<\/p>\n\n\n\n<p>En el \u00e1mbito pedag\u00f3gico, es profesor del Conservatorio Superior de Castilla y Le\u00f3n, donde imparte asignaturas vinculadas a la Improvisaci\u00f3n, la Introducci\u00f3n al Jazz, el Piano Complementario y la Armon\u00eda Aplicada. Su labor docente se caracteriza por una visi\u00f3n integradora de la t\u00e9cnica, el an\u00e1lisis y la creatividad, orientada tanto a la formaci\u00f3n de int\u00e9rpretes como al desarrollo de m\u00fasicos con una identidad art\u00edstica propia. En un momento temprano de su trayectoria fund\u00f3 el Aula de Jazz del Colegio Argentino de Madrid, un espacio independiente de ense\u00f1anza que naci\u00f3 con el objetivo de acercar el jazz a nuevos p\u00fablicos y crear un entorno abierto de aprendizaje y experimentaci\u00f3n musical.<\/p>","protected":false},"excerpt":{"rendered":"<p>Jos\u00e9 Antonio del Barco es pianista, compositor y profesor, con una trayectoria que integra una s\u00f3lida formaci\u00f3n acad\u00e9mica, una amplia experiencia pedag\u00f3gica y una actividad art\u00edstica desarrollada entre la m\u00fasica cl\u00e1sica, el jazz y la creaci\u00f3n contempor\u00e1nea. En el \u00e1mbito de la m\u00fasica cl\u00e1sica ha sido reconocido con diversos galardones, entre los que destaca el [&hellip;]<\/p>","protected":false},"author":1,"featured_media":12228,"comment_status":"closed","ping_status":"closed","sticky":false,"template":"","format":"standard","meta":{"footnotes":""},"categories":[58],"tags":[],"class_list":["post-1333","post","type-post","status-publish","format-standard","has-post-thumbnail","hentry","category-piano-complementario"],"_links":{"self":[{"href":"https:\/\/coscyl.com\/en\/wp-json\/wp\/v2\/posts\/1333","targetHints":{"allow":["GET"]}}],"collection":[{"href":"https:\/\/coscyl.com\/en\/wp-json\/wp\/v2\/posts"}],"about":[{"href":"https:\/\/coscyl.com\/en\/wp-json\/wp\/v2\/types\/post"}],"author":[{"embeddable":true,"href":"https:\/\/coscyl.com\/en\/wp-json\/wp\/v2\/users\/1"}],"replies":[{"embeddable":true,"href":"https:\/\/coscyl.com\/en\/wp-json\/wp\/v2\/comments?post=1333"}],"version-history":[{"count":5,"href":"https:\/\/coscyl.com\/en\/wp-json\/wp\/v2\/posts\/1333\/revisions"}],"predecessor-version":[{"id":12233,"href":"https:\/\/coscyl.com\/en\/wp-json\/wp\/v2\/posts\/1333\/revisions\/12233"}],"wp:featuredmedia":[{"embeddable":true,"href":"https:\/\/coscyl.com\/en\/wp-json\/wp\/v2\/media\/12228"}],"wp:attachment":[{"href":"https:\/\/coscyl.com\/en\/wp-json\/wp\/v2\/media?parent=1333"}],"wp:term":[{"taxonomy":"category","embeddable":true,"href":"https:\/\/coscyl.com\/en\/wp-json\/wp\/v2\/categories?post=1333"},{"taxonomy":"post_tag","embeddable":true,"href":"https:\/\/coscyl.com\/en\/wp-json\/wp\/v2\/tags?post=1333"}],"curies":[{"name":"wp","href":"https:\/\/api.w.org\/{rel}","templated":true}]}}