{"id":1312,"date":"2023-07-05T11:59:37","date_gmt":"2023-07-05T11:59:37","guid":{"rendered":"http:\/\/www.coscyl.com\/?p=1312"},"modified":"2023-07-05T11:59:37","modified_gmt":"2023-07-05T11:59:37","slug":"pedro-canada-valverde","status":"publish","type":"post","link":"https:\/\/coscyl.com\/en\/pedro-canada-valverde\/","title":{"rendered":"Pedro Ca\u00f1ada Valverde"},"content":{"rendered":"<p>M\u00fasico de formaci\u00f3n cl\u00e1sica y jazz\u00edstica, realiza sus estudios de Piano, Guitarra, M\u00fasica de c\u00e1mara e Improvisaci\u00f3n en el Real Conservatorio Superior de M\u00fasica de Madrid con Jos\u00e9 Manuel Cruzado, Pedro Marin\u00e9, Manuel Rubio, Luis Rego y Emilio Molina.<\/p>\n\n\n\n<p>Interesado tambi\u00e9n por el Jazz, ampl\u00eda su formaci\u00f3n en clases y seminarios con Horacio Icasto, Pedro Iturralde, Ricard Miralles, Bob Sands, Miguel Blanco, Abe R\u00e1bade, Miguel Zen\u00f3n y Federico Lechner entre otros<\/p>\n\n\n\n<p>Ha sido profesor de Piano e Improvisaci\u00f3n en la Escuela de M\u00fasica Creativa de Madrid y en la Escuela Municipal de M\u00fasica de San Sebasti\u00e1n de los Reyes. Asimismo, ha impartido la asignatura de Improvisaci\u00f3n en los Cursos Internacionales de Interpretaci\u00f3n Musical Eduardo del Pueyo de Granada, y en los Cursos Internacionales de M\u00fasica de Cartagena.<\/p>\n\n\n\n<p>Mantiene una intensa actividad docente, impartiendo habitualmente cursos de formaci\u00f3n y seminarios sobre Educaci\u00f3n Auditiva e Improvisaci\u00f3n en Escuelas y Conservatorios de todo el territorio nacional, y participa adem\u00e1s en conferencias y congresos para difundir la importancia de estas materias en la educaci\u00f3n musical.<\/p>\n\n\n\n<p>Es coautor de la colecci\u00f3n Cuadernos de Audici\u00f3n, de la que se han publicado seis vol\u00famenes en la editorial Enclave Creativa.<\/p>\n\n\n\n<p>Como pianista, forma parte de diversos proyectos y agrupaciones como \u201c\u00d3leo jazz quartet\u201d o \u201cEnclave de jazz tr\u00edo\u201d. Adem\u00e1s, ha actuado para m\u00fasica de escena y ciclos de cine mudo como \u201cPioneros de la animaci\u00f3n\u201d y \u201cEl ritmo de la calle\u201d en el Museo Nacional Centro de Arte Reina Sof\u00eda.<\/p>\n\n\n\n<p>Actualmente es profesor en el Instituto de Educaci\u00f3n Musical ( www.iem2.es) , y en el Conservatorio Superior de M\u00fasica de Salamanca, donde imparte las asignaturas de Educaci\u00f3n Auditiva, Taller de Jazz y Big Band.<\/p>","protected":false},"excerpt":{"rendered":"<p>M\u00fasico de formaci\u00f3n cl\u00e1sica y jazz\u00edstica, realiza sus estudios de Piano, Guitarra, M\u00fasica de c\u00e1mara e Improvisaci\u00f3n en el Real Conservatorio Superior de M\u00fasica de Madrid con Jos\u00e9 Manuel Cruzado, Pedro Marin\u00e9, Manuel Rubio, Luis Rego y Emilio Molina. Interesado tambi\u00e9n por el Jazz, ampl\u00eda su formaci\u00f3n en clases y seminarios con Horacio Icasto, Pedro [&hellip;]<\/p>","protected":false},"author":1,"featured_media":1313,"comment_status":"open","ping_status":"open","sticky":false,"template":"","format":"standard","meta":{"footnotes":""},"categories":[57],"tags":[],"class_list":["post-1312","post","type-post","status-publish","format-standard","has-post-thumbnail","hentry","category-educacion-auditiva-jazz-improvisacion"],"_links":{"self":[{"href":"https:\/\/coscyl.com\/en\/wp-json\/wp\/v2\/posts\/1312","targetHints":{"allow":["GET"]}}],"collection":[{"href":"https:\/\/coscyl.com\/en\/wp-json\/wp\/v2\/posts"}],"about":[{"href":"https:\/\/coscyl.com\/en\/wp-json\/wp\/v2\/types\/post"}],"author":[{"embeddable":true,"href":"https:\/\/coscyl.com\/en\/wp-json\/wp\/v2\/users\/1"}],"replies":[{"embeddable":true,"href":"https:\/\/coscyl.com\/en\/wp-json\/wp\/v2\/comments?post=1312"}],"version-history":[{"count":1,"href":"https:\/\/coscyl.com\/en\/wp-json\/wp\/v2\/posts\/1312\/revisions"}],"predecessor-version":[{"id":1314,"href":"https:\/\/coscyl.com\/en\/wp-json\/wp\/v2\/posts\/1312\/revisions\/1314"}],"wp:featuredmedia":[{"embeddable":true,"href":"https:\/\/coscyl.com\/en\/wp-json\/wp\/v2\/media\/1313"}],"wp:attachment":[{"href":"https:\/\/coscyl.com\/en\/wp-json\/wp\/v2\/media?parent=1312"}],"wp:term":[{"taxonomy":"category","embeddable":true,"href":"https:\/\/coscyl.com\/en\/wp-json\/wp\/v2\/categories?post=1312"},{"taxonomy":"post_tag","embeddable":true,"href":"https:\/\/coscyl.com\/en\/wp-json\/wp\/v2\/tags?post=1312"}],"curies":[{"name":"wp","href":"https:\/\/api.w.org\/{rel}","templated":true}]}}