{"id":1295,"date":"2023-07-05T11:48:46","date_gmt":"2023-07-05T11:48:46","guid":{"rendered":"http:\/\/www.coscyl.com\/?p=1295"},"modified":"2023-07-05T11:48:46","modified_gmt":"2023-07-05T11:48:46","slug":"esther-diego-dominguez","status":"publish","type":"post","link":"https:\/\/coscyl.com\/en\/esther-diego-dominguez\/","title":{"rendered":"Esther Diego Dom\u00ednguez"},"content":{"rendered":"<p>Nace en Salamanca, ciudad en cuyo Conservatorio obtiene los t\u00edtulos superiores de piano y m\u00fasica de c\u00e1mara bajo la direcci\u00f3n de los profesores M. Luz Diego, J. J. P\u00e9rez Torrecilla y Jacobo C. Ponce. Posteriormente contin\u00faa sus estudios con Julia D\u00edaz Yanes y Gram. Jackson y en la Academia Ferrenc Liszt de Budapest con el profesor Bal\u00e0zs Kecsk\u00e9s. Ha realizado cursos con Almudena Cano, Manuel Carra, Luca Chiantore, Rita Wagner, Ramsi Yassa entre otros. En la actualidad es pianista acompa\u00f1ante de instrumento en el Conservatorio Superior de M\u00fasica de Castilla y Le\u00f3n.<\/p>","protected":false},"excerpt":{"rendered":"<p>Nace en Salamanca, ciudad en cuyo Conservatorio obtiene los t\u00edtulos superiores de piano y m\u00fasica de c\u00e1mara bajo la direcci\u00f3n de los profesores M. Luz Diego, J. J. P\u00e9rez Torrecilla y Jacobo C. Ponce. Posteriormente contin\u00faa sus estudios con Julia D\u00edaz Yanes y Gram. Jackson y en la Academia Ferrenc Liszt de Budapest con el [&hellip;]<\/p>","protected":false},"author":1,"featured_media":1290,"comment_status":"open","ping_status":"open","sticky":false,"template":"","format":"standard","meta":{"footnotes":""},"categories":[29],"tags":[],"class_list":["post-1295","post","type-post","status-publish","format-standard","has-post-thumbnail","hentry","category-repertorio-con-piano"],"_links":{"self":[{"href":"https:\/\/coscyl.com\/en\/wp-json\/wp\/v2\/posts\/1295","targetHints":{"allow":["GET"]}}],"collection":[{"href":"https:\/\/coscyl.com\/en\/wp-json\/wp\/v2\/posts"}],"about":[{"href":"https:\/\/coscyl.com\/en\/wp-json\/wp\/v2\/types\/post"}],"author":[{"embeddable":true,"href":"https:\/\/coscyl.com\/en\/wp-json\/wp\/v2\/users\/1"}],"replies":[{"embeddable":true,"href":"https:\/\/coscyl.com\/en\/wp-json\/wp\/v2\/comments?post=1295"}],"version-history":[{"count":1,"href":"https:\/\/coscyl.com\/en\/wp-json\/wp\/v2\/posts\/1295\/revisions"}],"predecessor-version":[{"id":1296,"href":"https:\/\/coscyl.com\/en\/wp-json\/wp\/v2\/posts\/1295\/revisions\/1296"}],"wp:featuredmedia":[{"embeddable":true,"href":"https:\/\/coscyl.com\/en\/wp-json\/wp\/v2\/media\/1290"}],"wp:attachment":[{"href":"https:\/\/coscyl.com\/en\/wp-json\/wp\/v2\/media?parent=1295"}],"wp:term":[{"taxonomy":"category","embeddable":true,"href":"https:\/\/coscyl.com\/en\/wp-json\/wp\/v2\/categories?post=1295"},{"taxonomy":"post_tag","embeddable":true,"href":"https:\/\/coscyl.com\/en\/wp-json\/wp\/v2\/tags?post=1295"}],"curies":[{"name":"wp","href":"https:\/\/api.w.org\/{rel}","templated":true}]}}