{"id":1246,"date":"2023-07-05T11:27:23","date_gmt":"2023-07-05T11:27:23","guid":{"rendered":"http:\/\/www.coscyl.com\/?p=1246"},"modified":"2023-07-06T08:01:23","modified_gmt":"2023-07-06T08:01:23","slug":"julia-andres-oliveira","status":"publish","type":"post","link":"https:\/\/coscyl.com\/en\/julia-andres-oliveira\/","title":{"rendered":"Julia Andr\u00e9s Oliveira"},"content":{"rendered":"<p>Estudia piano en el conservatorio de su ciudad natal, Zamora y posteriormente realiza el grado superior en la especialidad de Etnomusicolog\u00eda en el Conservatorio Superior de M\u00fasica de Castilla y Le\u00f3n.<\/p>\n\n\n\n<p>Complementa su formaci\u00f3n con estudios en la UNED (M\u00e1ster en Mediaci\u00f3n y Gesti\u00f3n del patrimonio cultural en Europa) y la Universidad de Valladolid (M\u00e1ster en M\u00fasica Hispana). Realiza el doctorado en la Universidad de Salamanca con la tesis&nbsp;<em>El ritmo binario en el oeste de Castilla y Le\u00f3n: el charro como tipolog\u00eda r\u00edtmica y g\u00e9nero musical del repertorio de tradici\u00f3n oral<\/em>, dirigido por la Dra. Matilde Olarte Mart\u00ednez y la Dra. Lola P\u00e9rez Rivera.<\/p>\n\n\n\n<p>Su trabajo de investigaci\u00f3n centrado en el repertorio de m\u00fasica tradicional ha sido merecedor de la beca CIOFF-INAEM (2005), Premio \u00c1ngel Carril (2014) que otorga el IDES-Diputaci\u00f3n de Salamanca o la beca de investigaci\u00f3n concedida por la Diputaci\u00f3n de Soria (2016)<\/p>\n\n\n\n<p>Actualmente imparte clases en la especialidad de Etnomusicolog\u00eda (COSCYL), donde, adem\u00e1s, dirige y coordina el proyecto de centro&nbsp;<em>Etnoimus<\/em>, portal web dedicado al estudio de la organolog\u00eda correspondiente a distintas culturas musicales del mundo.<\/p>","protected":false},"excerpt":{"rendered":"<p>Estudia piano en el conservatorio de su ciudad natal, Zamora y posteriormente realiza el grado superior en la especialidad de Etnomusicolog\u00eda en el Conservatorio Superior de M\u00fasica de Castilla y Le\u00f3n. Complementa su formaci\u00f3n con estudios en la UNED (M\u00e1ster en Mediaci\u00f3n y Gesti\u00f3n del patrimonio cultural en Europa) y la Universidad de Valladolid (M\u00e1ster [&hellip;]<\/p>","protected":false},"author":1,"featured_media":1248,"comment_status":"open","ping_status":"open","sticky":false,"template":"","format":"standard","meta":{"footnotes":""},"categories":[54,73],"tags":[],"class_list":["post-1246","post","type-post","status-publish","format-standard","has-post-thumbnail","hentry","category-etnomusicologia","category-trabajo-fin-master"],"_links":{"self":[{"href":"https:\/\/coscyl.com\/en\/wp-json\/wp\/v2\/posts\/1246","targetHints":{"allow":["GET"]}}],"collection":[{"href":"https:\/\/coscyl.com\/en\/wp-json\/wp\/v2\/posts"}],"about":[{"href":"https:\/\/coscyl.com\/en\/wp-json\/wp\/v2\/types\/post"}],"author":[{"embeddable":true,"href":"https:\/\/coscyl.com\/en\/wp-json\/wp\/v2\/users\/1"}],"replies":[{"embeddable":true,"href":"https:\/\/coscyl.com\/en\/wp-json\/wp\/v2\/comments?post=1246"}],"version-history":[{"count":1,"href":"https:\/\/coscyl.com\/en\/wp-json\/wp\/v2\/posts\/1246\/revisions"}],"predecessor-version":[{"id":1249,"href":"https:\/\/coscyl.com\/en\/wp-json\/wp\/v2\/posts\/1246\/revisions\/1249"}],"wp:featuredmedia":[{"embeddable":true,"href":"https:\/\/coscyl.com\/en\/wp-json\/wp\/v2\/media\/1248"}],"wp:attachment":[{"href":"https:\/\/coscyl.com\/en\/wp-json\/wp\/v2\/media?parent=1246"}],"wp:term":[{"taxonomy":"category","embeddable":true,"href":"https:\/\/coscyl.com\/en\/wp-json\/wp\/v2\/categories?post=1246"},{"taxonomy":"post_tag","embeddable":true,"href":"https:\/\/coscyl.com\/en\/wp-json\/wp\/v2\/tags?post=1246"}],"curies":[{"name":"wp","href":"https:\/\/api.w.org\/{rel}","templated":true}]}}