{"id":1225,"date":"2023-07-05T11:11:25","date_gmt":"2023-07-05T11:11:25","guid":{"rendered":"http:\/\/www.coscyl.com\/?p=1225"},"modified":"2023-07-05T11:11:25","modified_gmt":"2023-07-05T11:11:25","slug":"jorge-garcia-martin","status":"publish","type":"post","link":"https:\/\/coscyl.com\/en\/jorge-garcia-martin\/","title":{"rendered":"Jorge Garc\u00eda Mart\u00edn"},"content":{"rendered":"<p>Jorge Garc\u00eda Mart\u00edn inici\u00f3 su formaci\u00f3n musical en Salamanca, donde realiza los estudios de piano, \u00f3rgano y clave. Atra\u00eddo por la m\u00fasica antigua de tecla, se traslada a Suiza para formarse en la Schola Cantorum Basiliensis. All\u00ed estudia el Master de \u00d3rgano con Lorenzo Ghielmi, Andrea Marcon, Wolfgang Zerer y J\u00f6rg-Andreas Boetticher y el Master de Improvisaci\u00f3n Hist\u00f3rica, trabajando con Rudolf Lutz, Markus Schwenkreis, Nicola Cumer y Emmanuel Le Divellec.<\/p>\n\n\n\n<p>Desarrolla una intensa carrera como solista ofreciendo recitales y conciertos de interpretaci\u00f3n e improvisaci\u00f3n por toda Espa\u00f1a, resto de Europa y Asia (Jap\u00f3n). Ha ganado y ha sido finalista en diversos concursos nacionales e internacionales (Primer Premio del Concorso Organistico Internazionale \u201cOrgani del basso Friuli\u201d, Italia).<\/p>\n\n\n\n<p>Ha sido profesor asistente de Improvisaci\u00f3n Hist\u00f3rica en la Schola Cantorum Basiliensis y profesor de Improvisaci\u00f3n de la Escuela Superior Katarina Gurska. Actualmente es profesor de Bajo Continuo e Improvisaci\u00f3n Hist\u00f3rica en el Conservatorio Superior de M\u00fasica de Castilla y Le\u00f3n, profesor de \u00f3rgano en la Escuela de M\u00fasica de Tordesillas y coordinador del Ciclo Internacional de \u00f3rgano de Tordesillas y la Academia Internacional de \u00d3rgano en Castilla.<\/p>\n\n\n\n<p>Ha impartido clases magistrales relacionadas con la improvisaci\u00f3n hist\u00f3rica y el repertorio antiguo de tecla en gran parte de Europa y Jap\u00f3n, participando en cursos y congresos de relevancia internacional (Festival de improvisaci\u00f3n de Lausana, Studientage Improvisation en Basilea, Academia de \u00d3rgano Juli\u00e1n de la Orden etc.).<\/p>\n\n\n\n<p>Su faceta investigadora la desarrolla en el terreno de la improvisaci\u00f3n hist\u00f3rica, la pr\u00e1ctica del bajo continuo hist\u00f3ricamente informada y en la interpretaci\u00f3n hist\u00f3rica de la m\u00fasica para tecla.<\/p>","protected":false},"excerpt":{"rendered":"<p>Jorge Garc\u00eda Mart\u00edn inici\u00f3 su formaci\u00f3n musical en Salamanca, donde realiza los estudios de piano, \u00f3rgano y clave. Atra\u00eddo por la m\u00fasica antigua de tecla, se traslada a Suiza para formarse en la Schola Cantorum Basiliensis. All\u00ed estudia el Master de \u00d3rgano con Lorenzo Ghielmi, Andrea Marcon, Wolfgang Zerer y J\u00f6rg-Andreas Boetticher y el Master [&hellip;]<\/p>","protected":false},"author":1,"featured_media":1226,"comment_status":"open","ping_status":"open","sticky":false,"template":"","format":"standard","meta":{"footnotes":""},"categories":[50],"tags":[],"class_list":["post-1225","post","type-post","status-publish","format-standard","has-post-thumbnail","hentry","category-clave"],"_links":{"self":[{"href":"https:\/\/coscyl.com\/en\/wp-json\/wp\/v2\/posts\/1225","targetHints":{"allow":["GET"]}}],"collection":[{"href":"https:\/\/coscyl.com\/en\/wp-json\/wp\/v2\/posts"}],"about":[{"href":"https:\/\/coscyl.com\/en\/wp-json\/wp\/v2\/types\/post"}],"author":[{"embeddable":true,"href":"https:\/\/coscyl.com\/en\/wp-json\/wp\/v2\/users\/1"}],"replies":[{"embeddable":true,"href":"https:\/\/coscyl.com\/en\/wp-json\/wp\/v2\/comments?post=1225"}],"version-history":[{"count":1,"href":"https:\/\/coscyl.com\/en\/wp-json\/wp\/v2\/posts\/1225\/revisions"}],"predecessor-version":[{"id":1227,"href":"https:\/\/coscyl.com\/en\/wp-json\/wp\/v2\/posts\/1225\/revisions\/1227"}],"wp:featuredmedia":[{"embeddable":true,"href":"https:\/\/coscyl.com\/en\/wp-json\/wp\/v2\/media\/1226"}],"wp:attachment":[{"href":"https:\/\/coscyl.com\/en\/wp-json\/wp\/v2\/media?parent=1225"}],"wp:term":[{"taxonomy":"category","embeddable":true,"href":"https:\/\/coscyl.com\/en\/wp-json\/wp\/v2\/categories?post=1225"},{"taxonomy":"post_tag","embeddable":true,"href":"https:\/\/coscyl.com\/en\/wp-json\/wp\/v2\/tags?post=1225"}],"curies":[{"name":"wp","href":"https:\/\/api.w.org\/{rel}","templated":true}]}}