{"id":1206,"date":"2023-07-05T11:02:20","date_gmt":"2023-07-05T11:02:20","guid":{"rendered":"http:\/\/www.coscyl.com\/?p=1206"},"modified":"2026-02-13T19:38:59","modified_gmt":"2026-02-13T18:38:59","slug":"sophia-hase","status":"publish","type":"post","link":"https:\/\/coscyl.com\/en\/sophia-hase\/","title":{"rendered":"Sophia Hase"},"content":{"rendered":"<p>Sophia Hase nace en Stuttgart e inicia una temprana e intensa actividad art\u00edstica en el seno de una familia de m\u00fasicos. Realiza sus primeros estudios bajo la direcci\u00f3n del maestro Paul Buck en su ciudad natal, ampliando su formaci\u00f3n musical con Rosa Sabater en la Hochschule de Freiburg, y tras la muerte de esta, con Elza Kolodin. Posteriormente continua sus estudios pian\u00edsticos en Karlsruhe bajo la direcci\u00f3n de Fany Solter y Dinorah Varsi.<\/p>\n\n\n\n<p>Durante a\u00f1os se consagra plenamente a una importante labor camer\u00edstica, desarrollando una conciencia musical propia de la que nace un estilo muy personal. Su alto nivel art\u00edstico ha sido internacionalmente reconocido en numerosos cert\u00e1menes europeos.<\/p>\n\n\n\n<p>Ha actuado en Festivales como Schlosskonzerte Ludwigsburg,&nbsp; Osterfestspiele Salzburg (presentada por Herbert von Karajan),&nbsp; Primavera de Praga, Castillo de Peralada, Piano Extravaganza Sof\u00eda (Bulgaria), Cascavel (Brasil), Hambacher Musikfest, Villa M\u00fasica, Florilegio Salamanca, IKOF Colorado, y desarrolla su actividad concert\u00edstica en escenarios como Teatro Nacional de Brasilia, Opera Essen, Liederhalle Stuttgart, Schlosskonzerte Insel Mainau, Sinagoga del Tr\u00e1nsito (Toledo), Teatro la Cartuja Sevilla, Audimax de la Universidad de Tubinga, Temple Mt. Sinai (Texas), Auditorio Alfredo Kraus Las Palmas de Gran Canaria, Steinway Hall New York.<\/p>\n\n\n\n<p>Desde hace tiempo se siente atra\u00edda por el repertorio de la m\u00fasica que fue en su momento injustamente tratada, de la m\u00fasica que merece ser escuchada por su calidad y riqueza pero que, por razones diversas, ha ca\u00eddo en el olvido. Esto la ha llevado a volcarse en la investigaci\u00f3n, interpretaci\u00f3n y divulgaci\u00f3n del magn\u00edfico tesoro que supone la M\u00fasica proscrita en el III Reich. Un tesoro que nunca conseguir\u00e1 estar en el lugar donde se merecer\u00eda estar, el tiempo y la ignorancia son implacables borrando huellas.<\/p>\n\n\n\n<p>Con la misma pasi\u00f3n se dedica al repertorio de la creaci\u00f3n musical femenina que, siendo espl\u00e9ndido y singular, ha sido tradicionalmente estigmatizado y menospreciado durante siglos. Acercar ambos repertorios a las salas de concierto y al mundo acad\u00e9mico se ha convertido en una de sus grandes ilusiones.&nbsp; &nbsp;<\/p>\n\n\n\n<p>Sophia Hase ha compaginado siempre la interpretaci\u00f3n con la docencia. Profesora durante cinco a\u00f1os en la Hochschule de Trossingen, desempe\u00f1a desde 1998 su labor pedag\u00f3gica en Salamanca, en una c\u00e1tedra de piano del COSCYL donde tambi\u00e9n imparte M\u00e1ster en interpretaci\u00f3n tanto de piano como m\u00fasica de c\u00e1mara. Completa su actividad pedag\u00f3gica con Cursos de formaci\u00f3n permanente de profesorado, masterclasses, ponencias para Universidades espa\u00f1olas, y colaboraciones con Jeunesses Musicales o la Jonde.&nbsp;<\/p>\n\n\n\n<p>Es una entusiasta comprometida en despertar nuevas conciencias musicales. A trav\u00e9s del inmenso repertorio pian\u00edstico, centra su trabajo con el alumnado en la b\u00fasqueda de su desarrollo pleno y su crecimiento personal, siguiendo un hilo conductor coherente en su formaci\u00f3n que gu\u00ede su aprendizaje y les abra camino a una autonom\u00eda futura.&nbsp;<\/p>\n\n\n\n<p>Contacto: <a href=\"mailto:hshase@educa.jcyl.es\">hshase@educa.jcyl.es<\/a><\/p>\n\n\n\n<p>+INFO: <a href=\"http:\/\/sophiahase.carrd.co\">http:\/\/sophiahase.carrd.co<\/a><\/p>\n\n\n\n<p><\/p>","protected":false},"excerpt":{"rendered":"<p>Sophia Hase nace en Stuttgart e inicia una temprana e intensa actividad art\u00edstica en el seno de una familia de m\u00fasicos. Realiza sus primeros estudios bajo la direcci\u00f3n del maestro Paul Buck en su ciudad natal, ampliando su formaci\u00f3n musical con Rosa Sabater en la Hochschule de Freiburg, y tras la muerte de esta, con [&hellip;]<\/p>","protected":false},"author":1,"featured_media":7622,"comment_status":"open","ping_status":"open","sticky":false,"template":"","format":"standard","meta":{"footnotes":""},"categories":[70,69,49],"tags":[],"class_list":["post-1206","post","type-post","status-publish","format-standard","has-post-thumbnail","hentry","category-musica-de-camara-master","category-solista-orquesta","category-piano"],"_links":{"self":[{"href":"https:\/\/coscyl.com\/en\/wp-json\/wp\/v2\/posts\/1206","targetHints":{"allow":["GET"]}}],"collection":[{"href":"https:\/\/coscyl.com\/en\/wp-json\/wp\/v2\/posts"}],"about":[{"href":"https:\/\/coscyl.com\/en\/wp-json\/wp\/v2\/types\/post"}],"author":[{"embeddable":true,"href":"https:\/\/coscyl.com\/en\/wp-json\/wp\/v2\/users\/1"}],"replies":[{"embeddable":true,"href":"https:\/\/coscyl.com\/en\/wp-json\/wp\/v2\/comments?post=1206"}],"version-history":[{"count":4,"href":"https:\/\/coscyl.com\/en\/wp-json\/wp\/v2\/posts\/1206\/revisions"}],"predecessor-version":[{"id":12384,"href":"https:\/\/coscyl.com\/en\/wp-json\/wp\/v2\/posts\/1206\/revisions\/12384"}],"wp:featuredmedia":[{"embeddable":true,"href":"https:\/\/coscyl.com\/en\/wp-json\/wp\/v2\/media\/7622"}],"wp:attachment":[{"href":"https:\/\/coscyl.com\/en\/wp-json\/wp\/v2\/media?parent=1206"}],"wp:term":[{"taxonomy":"category","embeddable":true,"href":"https:\/\/coscyl.com\/en\/wp-json\/wp\/v2\/categories?post=1206"},{"taxonomy":"post_tag","embeddable":true,"href":"https:\/\/coscyl.com\/en\/wp-json\/wp\/v2\/tags?post=1206"}],"curies":[{"name":"wp","href":"https:\/\/api.w.org\/{rel}","templated":true}]}}