{"id":1186,"date":"2023-07-05T10:50:22","date_gmt":"2023-07-05T10:50:22","guid":{"rendered":"http:\/\/www.coscyl.com\/?p=1186"},"modified":"2023-07-06T08:03:51","modified_gmt":"2023-07-06T08:03:51","slug":"alberto-rosado-carabias","status":"publish","type":"post","link":"https:\/\/coscyl.com\/en\/alberto-rosado-carabias\/","title":{"rendered":"Alberto Rosado Carabias"},"content":{"rendered":"<p>Alberto Rosado Carabias, piano<\/p>\n\n\n\n<p>Nacido en Salamanca en 1970, Alberto Rosado pertenece a una generaci\u00f3n de int\u00e9rpretes formados en un repertorio cl\u00e1sico y comprometidos de una manera especial con la m\u00fasica contempor\u00e1nea. Ha dado recitales en las principales ciudades y Festivales de Europa, Am\u00e9rica y Asia y ha actuado como solista con la Orquesta Nacional de Espa\u00f1a, Sinf\u00f3nica de Bamberg, Sinf\u00f3nica de RTVE, Sinf\u00f3nica de Castilla y Le\u00f3n, Filarm\u00f3nica de Sevilla y Filarm\u00f3nica de Gran Canaria, ORCAM, Filarm\u00f3nica Ciudad de M\u00e9xico, OFUNAM (M\u00e9xico), Orquesta Sinf\u00f3nica de C\u00f3rdoba (Argentina), JONDE, PluralEnsemble, UMZE (Budapest), Proyecto Guerrero y Modus Novus, y dirigido por P\u00e9ter E\u00f6tv\u00f6s, Susanna M\u00e4lkki, Josep Pons, Jonathan Nott, Fabi\u00e1n Panisello, Rafael Fr\u00fchbeck de Burgos, Pedro Halffter, Arturo Tamayo, Jos\u00e9 Ram\u00f3n Encinar, Zsolt Nagy, Jos\u00e9 Luis Temes, Massimo Quarta, Hadrian \u00c1vila, Philip Greenberg y Carlos Riazuelo, entre otros.<\/p>\n\n\n\n<p>Ha estado interesado en la m\u00fasica contempor\u00e1nea durante toda su carrera, pero es en estas dos \u00faltimas d\u00e9cadas y media cuando su actividad se ha focalizado en la m\u00fasica de hoy. Comienza entonces una estrecha relaci\u00f3n con compositores como Boulez, Lachenmann, De Pablo, Halffter, Hosokawa, E\u00f6tv\u00f6s, L\u00f3pez L\u00f3pez y muchos otros, tanto en su faceta de solista como en la de miembro de Plural Ensemble, del que forma parte desde 1999. Actualmente, y fruto de un intenso trabajo de investigaci\u00f3n, parte de su actividad en el terreno de la m\u00fasica actual est\u00e1 dedicada a la difusi\u00f3n de obras para piano y electr\u00f3nica.<\/p>\n\n\n\n<p>Entre sus grabaciones destacan el Concierto para piano y orquesta y los Movimientos para dos pianos y orquesta de Jos\u00e9 Manuel L\u00f3pez L\u00f3pez con la Deutsches Symphonie Orchester dirigida por Johannes Kalitzke, para Kairos, la obra completa para piano de Crist\u00f3bal Halffter y la de Jos\u00e9 Manuel L\u00f3pez L\u00f3pez con Verso, sello que tambi\u00e9n public\u00f3 un disco con obras de Messiaen, Ligeti, Takemitsu y Cage. Ha grabado tres monogr\u00e1ficos, con Plural Ensemble, dedicados a Fabi\u00e1n Panisello (col legno), C\u00e9sar Camarero (Verso) y Jos\u00e9 Manuel L\u00f3pez L\u00f3pez (NEOS) aparte de un disco con la Orquesta Sinf\u00f3nica de Castilla y Le\u00f3n con obras de Antonio Jos\u00e9 para el sello Naxos. Tambi\u00e9n ha grabado Dipolo, junto con el violonchelista David Apell\u00e1niz, dentro de la colecci\u00f3n Compositores espa\u00f1oles y latinoamericanos de m\u00fasica actual de la Fundaci\u00f3n BBVA en colaboraci\u00f3n con el sello Verso. Adem\u00e1s ha interpretado junto con Plural Ensemble el Concierto para piano de Ligeti, publicado por el sello NEOS y la Fundaci\u00f3n BBVA y junto a Claron McFadden ha grabado el Homenaje a Martha Graham de Ram\u00f3n Humet, con los poemas de Mario Lucarda y con la discogr\u00e1fica NEU. Su proyecto m\u00e1s ambicioso hasta la fecha es e-piano_video&amp;amp;electronics, un CD-DVD distribuido por el sello IBS Classical con la colaboraci\u00f3n de la Fundaci\u00f3n BBVA y con la m\u00fasica m\u00e1s reciente para piano, electr\u00f3nica y v\u00eddeo de Fuentes, Paredes, Humet, Estrada, Edler-Copes, Morales-Oss\u00edo y Navarro. Su grabaci\u00f3n Fin du Temps, con los cuartetos de Messiaen y Takemitsu junto a Jos\u00e9 Luis Estell\u00e9s, Aitzol Iturriagagoitia y David Apell\u00e1niz, editada por el sello IBS-Classical, ha tenido el reconocimiento un\u00e1nime de la cr\u00edtica nacional e internacional. Su registro m\u00e1s reciente es el de la m\u00fasica para tr\u00edo de los hermanos Mendelssohn junto a Alejandro Bustamante y Lorenzo Meseguer para Play Classics.<\/p>\n\n\n\n<p>Durante cuatro a\u00f1os ha sido profesor invitado de la Universidad Cat\u00f3lica de Santiago de Chile y de la Universidad de Santiago, al igual que del Centro Nacional de las Artes de M\u00e9xico y de la UNAM en M\u00e9xico D.F. Es profesor de m\u00fasica de c\u00e1mara, piano contempor\u00e1neo, imparte el m\u00e1ster de piano y coordina el Taller de m\u00fasica contempor\u00e1nea en el Conservatorio Superior de M\u00fasica de Castilla y Le\u00f3n.<\/p>\n\n\n\n<p>www.albertorosado.com<\/p>","protected":false},"excerpt":{"rendered":"<p>Alberto Rosado Carabias, piano Nacido en Salamanca en 1970, Alberto Rosado pertenece a una generaci\u00f3n de int\u00e9rpretes formados en un repertorio cl\u00e1sico y comprometidos de una manera especial con la m\u00fasica contempor\u00e1nea. Ha dado recitales en las principales ciudades y Festivales de Europa, Am\u00e9rica y Asia y ha actuado como solista con la Orquesta Nacional [&hellip;]<\/p>","protected":false},"author":1,"featured_media":1187,"comment_status":"open","ping_status":"open","sticky":false,"template":"","format":"standard","meta":{"footnotes":""},"categories":[70,69,45,74],"tags":[],"class_list":["post-1186","post","type-post","status-publish","format-standard","has-post-thumbnail","hentry","category-musica-de-camara-master","category-solista-orquesta","category-musica-de-camara","category-taller-musica-contemporanea"],"_links":{"self":[{"href":"https:\/\/coscyl.com\/en\/wp-json\/wp\/v2\/posts\/1186","targetHints":{"allow":["GET"]}}],"collection":[{"href":"https:\/\/coscyl.com\/en\/wp-json\/wp\/v2\/posts"}],"about":[{"href":"https:\/\/coscyl.com\/en\/wp-json\/wp\/v2\/types\/post"}],"author":[{"embeddable":true,"href":"https:\/\/coscyl.com\/en\/wp-json\/wp\/v2\/users\/1"}],"replies":[{"embeddable":true,"href":"https:\/\/coscyl.com\/en\/wp-json\/wp\/v2\/comments?post=1186"}],"version-history":[{"count":1,"href":"https:\/\/coscyl.com\/en\/wp-json\/wp\/v2\/posts\/1186\/revisions"}],"predecessor-version":[{"id":1188,"href":"https:\/\/coscyl.com\/en\/wp-json\/wp\/v2\/posts\/1186\/revisions\/1188"}],"wp:featuredmedia":[{"embeddable":true,"href":"https:\/\/coscyl.com\/en\/wp-json\/wp\/v2\/media\/1187"}],"wp:attachment":[{"href":"https:\/\/coscyl.com\/en\/wp-json\/wp\/v2\/media?parent=1186"}],"wp:term":[{"taxonomy":"category","embeddable":true,"href":"https:\/\/coscyl.com\/en\/wp-json\/wp\/v2\/categories?post=1186"},{"taxonomy":"post_tag","embeddable":true,"href":"https:\/\/coscyl.com\/en\/wp-json\/wp\/v2\/tags?post=1186"}],"curies":[{"name":"wp","href":"https:\/\/api.w.org\/{rel}","templated":true}]}}