{"id":1162,"date":"2023-07-05T10:35:46","date_gmt":"2023-07-05T10:35:46","guid":{"rendered":"http:\/\/www.coscyl.com\/?p=1162"},"modified":"2024-02-06T18:28:26","modified_gmt":"2024-02-06T18:28:26","slug":"saskia-roures-navarro","status":"publish","type":"post","link":"https:\/\/coscyl.com\/en\/saskia-roures-navarro\/","title":{"rendered":"Saskia Roures Navarro"},"content":{"rendered":"<p>Descubrir, transmitir y compartir la belleza de la m\u00fasica es el principal objetivo de Saskia Roures. Su trayectoria profesional como docente dibuja una ruta circular o, si lo prefieren, una forma ABA\u2019; desde 2023 es la profesora de \u00d3rgano del Conservatorio Superior de M\u00fasica de Castilla y Le\u00f3n (Salamanca), habiendo trabajado anteriormente en el Conservatorio Superior de M\u00fasica de Arag\u00f3n (2008-2023) y en el de Salamanca (2002-2008). Ha actuado en festivales y ciclos internacionales en Espa\u00f1a, Portugal, Italia, Dinamarca, Francia, Eslovaquia, Suiza, Holanda, Austria, Rusia y Uruguay. Saskia ha formado parte como jurado de concursos nacionales (Juventudes Musicales, 2022; V Concurso Nacional de \u00d3rgano \u201cFrancisco Salinas\u201d, 2023) e internacionales (preselecci\u00f3n del 9\u00ba International Organ Competition Musashino-Tokyo, 2023).&nbsp;<\/p>\n\n\n\n<p>En 2016 funda <em>La Cuentista Organista<\/em>, un proyecto m\u00fasico-teatral cuyo principal objetivo es romper las barreras existentes entre el \u00f3rgano y el p\u00fablico m\u00e1s peque\u00f1o. Asimismo, deseando contribuir a la divulgaci\u00f3n del patrimonio organ\u00edstico aragon\u00e9s, funda en 2021 junto a un grupo de colegas la <em>Asociaci\u00f3n del \u00d3rgano en Arag\u00f3n<\/em> (AORA), pionera en el desarrollo del proyecto internacional <em>Orgelkids <\/em>en Espa\u00f1a. Convencida de que la Historia de la M\u00fasica debe reescribirse en femenino, es socia de la <em>Asociaci\u00f3n de Mujeres en la M\u00fasica<\/em>; a este respecto cabe destacar que, junto a Francisco Gil (Miscel\u00e1nea XVIII-21), ha contribuido en la recuperaci\u00f3n del repertorio con \u00f3rgano (solo y de c\u00e1mara -corno ingl\u00e9s\/oboe y \u00f3rgano-) de Isabel Prota y Carmena (1854-1928), compositora madrile\u00f1a dedicataria de los estudios de doctorado que Saskia est\u00e1 cursando en la actualidad.<\/p>\n\n\n\n<p>Saskia est\u00e1 en continua evoluci\u00f3n gracias a su activa participaci\u00f3n en proyectos camer\u00edsticos. El trabajo con sus compa\u00f1eros, grandes int\u00e9rpretes en sus respectivas especialidades, le enriquece d\u00eda a d\u00eda. Junto a Francisco Gil forma en 2011 el d\u00fao Miscel\u00e1nea XVIII-21 que explora m\u00fasica de diversas \u00e9pocas y estilos, desde el siglo XVIII al XXI experimentando variadas mixturas t\u00edmbricas, con la utilizaci\u00f3n de los distintos instrumentos de la familia del oboe, tanto hist\u00f3ricos como modernos, junto al \u00f3rgano o el clave. Tambi\u00e9n es continuista de El Trovar, grupo especializado en el repertorio del XVII y XVIII, y ha colaborado como organettista con Ars Atl\u00e1ntica (Manuel Vilas, director).&nbsp;<\/p>\n\n\n\n<p>Como continuista y organista ha participado en diversas grabaciones. As\u00ed, en 2014 colabor\u00f3 en <em>Pasaporte al cielo<\/em> (Eduardo Moreno, direcci\u00f3n) y con Miscel\u00e1nea XVIII-21 ha formado parte de los siguientes trabajos discogr\u00e1ficos: <em>Paraphrasis: J.S. Bach-Transcripciones <\/em>(oboe de amor y \u00f3rgano), publicado en 2016; <em>Nous Cants <\/em>(Discmedi, 2017), disco que re\u00fane la m\u00fasica de c\u00e1mara con \u00f3rgano de Ignacio Ribas Tal\u00e9ns; <em>Hasta romper el coraz\u00f3n<\/em>, volumen 17 de la colecci\u00f3n <em>\u00d3rganos Hist\u00f3ricos en Arag\u00f3n<\/em> (Instituci\u00f3n Fernando El Cat\u00f3lico, 2017) con m\u00fasica del siglo XVIII espa\u00f1ol (oboe barroco y \u00f3rgano hist\u00f3rico).&nbsp;<\/p>\n\n\n\n<p>Alumna del maestro aragon\u00e9s Jos\u00e9 Luis Gonz\u00e1lez Uriol, obtuvo en el Conservatorio Superior de M\u00fasica de Zaragoza los T\u00edtulos Superiores de Clave (1996) y de \u00d3rgano (1998), siendo galardonada al finalizar estas carreras con sendos Premios Extraordinarios. De 1998 al 2001 fue un periodo de vital importancia para su crecimiento art\u00edstico, dado que estudi\u00f3 en la Universit\u00e4t f\u00fcr Musik und darstellende Kunst de Viena \u00d3rgano-Concertismo con Michael Radulescu; en este periodo, adem\u00e1s, complet\u00f3 su formaci\u00f3n con el estudio de Bajo Continuo de la mano de Augusta Campagne.&nbsp;<\/p>\n\n\n\n<p>Saskia comparte su experiencia art\u00edstica con la comunidad web en su canal YouTube.\u00a0<\/p>\n\n\n\n<p>Contacto: <a href=\"mailto:saskiam.rounav@educa.jcyl.es\">saskiam.rounav@educa.jcyl.es<\/a><\/p>\n\n\n\n<p><a href=\"https:\/\/www.youtube.com\/@SaskiaRoures\">https:\/\/www.youtube.com\/@SaskiaRoures<\/a><\/p>","protected":false},"excerpt":{"rendered":"<p>Descubrir, transmitir y compartir la belleza de la m\u00fasica es el principal objetivo de Saskia Roures. Su trayectoria profesional como docente dibuja una ruta circular o, si lo prefieren, una forma ABA\u2019; desde 2023 es la profesora de \u00d3rgano del Conservatorio Superior de M\u00fasica de Castilla y Le\u00f3n (Salamanca), habiendo trabajado anteriormente en el Conservatorio [&hellip;]<\/p>","protected":false},"author":1,"featured_media":7454,"comment_status":"open","ping_status":"open","sticky":false,"template":"","format":"standard","meta":{"footnotes":""},"categories":[51],"tags":[],"class_list":["post-1162","post","type-post","status-publish","format-standard","has-post-thumbnail","hentry","category-organo"],"_links":{"self":[{"href":"https:\/\/coscyl.com\/en\/wp-json\/wp\/v2\/posts\/1162","targetHints":{"allow":["GET"]}}],"collection":[{"href":"https:\/\/coscyl.com\/en\/wp-json\/wp\/v2\/posts"}],"about":[{"href":"https:\/\/coscyl.com\/en\/wp-json\/wp\/v2\/types\/post"}],"author":[{"embeddable":true,"href":"https:\/\/coscyl.com\/en\/wp-json\/wp\/v2\/users\/1"}],"replies":[{"embeddable":true,"href":"https:\/\/coscyl.com\/en\/wp-json\/wp\/v2\/comments?post=1162"}],"version-history":[{"count":5,"href":"https:\/\/coscyl.com\/en\/wp-json\/wp\/v2\/posts\/1162\/revisions"}],"predecessor-version":[{"id":7457,"href":"https:\/\/coscyl.com\/en\/wp-json\/wp\/v2\/posts\/1162\/revisions\/7457"}],"wp:featuredmedia":[{"embeddable":true,"href":"https:\/\/coscyl.com\/en\/wp-json\/wp\/v2\/media\/7454"}],"wp:attachment":[{"href":"https:\/\/coscyl.com\/en\/wp-json\/wp\/v2\/media?parent=1162"}],"wp:term":[{"taxonomy":"category","embeddable":true,"href":"https:\/\/coscyl.com\/en\/wp-json\/wp\/v2\/categories?post=1162"},{"taxonomy":"post_tag","embeddable":true,"href":"https:\/\/coscyl.com\/en\/wp-json\/wp\/v2\/tags?post=1162"}],"curies":[{"name":"wp","href":"https:\/\/api.w.org\/{rel}","templated":true}]}}