{"id":1159,"date":"2023-07-05T10:35:00","date_gmt":"2023-07-05T10:35:00","guid":{"rendered":"http:\/\/www.coscyl.com\/?p=1159"},"modified":"2023-07-05T10:35:00","modified_gmt":"2023-07-05T10:35:00","slug":"inmaculada-blazquez-cerrato","status":"publish","type":"post","link":"https:\/\/coscyl.com\/en\/inmaculada-blazquez-cerrato\/","title":{"rendered":"Inmaculada Bl\u00e1zquez Cerrato"},"content":{"rendered":"<p>Nace en Don Benito (Badajoz). Cursa estudios de piano en Salamanca y de Composici\u00f3n en Madrid, donde obtiene el T\u00edtulo Superior de Composici\u00f3n. Asiste a cursos y conferencias impartidos por Alicia D\u00edaz-de la Fuente, Enrique Blanco, Enrique Igoa, Luis de Pablo, Agust\u00edn Charles, Mauricio Sotelo, Bryan Ferneyhough, Carl Schachter, Jos\u00e9 Luis de Del\u00e1s, Heinz-Klaus Metzger, Salvatore Sciarrino, etc.<\/p>\n\n\n\n<p>En 2001 obtiene el Premio Flora Prieto por su obra Encuentro y el Premio F. Jacinto e Inocencio Guerrero por Caleidoscopio, ambas para orquesta sinf\u00f3nica.<\/p>\n\n\n\n<p>Ha trabajado como profesora de Armon\u00eda en el Conservatorio Municipal de B\u00e9jar, de Repentizaci\u00f3n y Acompa\u00f1amiento en el Conservatorio Profesional de M\u00fasica de Salamanca y de Armon\u00eda en el Real Conservatorio Superior de M\u00fasica de Madrid. Actualmente imparte clases de Armon\u00eda y An\u00e1lisis en el Conservatorio Superior de M\u00fasica de Salamanca.<\/p>","protected":false},"excerpt":{"rendered":"<p>Nace en Don Benito (Badajoz). Cursa estudios de piano en Salamanca y de Composici\u00f3n en Madrid, donde obtiene el T\u00edtulo Superior de Composici\u00f3n. Asiste a cursos y conferencias impartidos por Alicia D\u00edaz-de la Fuente, Enrique Blanco, Enrique Igoa, Luis de Pablo, Agust\u00edn Charles, Mauricio Sotelo, Bryan Ferneyhough, Carl Schachter, Jos\u00e9 Luis de Del\u00e1s, Heinz-Klaus Metzger, [&hellip;]<\/p>","protected":false},"author":1,"featured_media":1160,"comment_status":"open","ping_status":"open","sticky":false,"template":"","format":"standard","meta":{"footnotes":""},"categories":[43],"tags":[],"class_list":["post-1159","post","type-post","status-publish","format-standard","has-post-thumbnail","hentry","category-armonia-analisis-contrapunto"],"_links":{"self":[{"href":"https:\/\/coscyl.com\/en\/wp-json\/wp\/v2\/posts\/1159","targetHints":{"allow":["GET"]}}],"collection":[{"href":"https:\/\/coscyl.com\/en\/wp-json\/wp\/v2\/posts"}],"about":[{"href":"https:\/\/coscyl.com\/en\/wp-json\/wp\/v2\/types\/post"}],"author":[{"embeddable":true,"href":"https:\/\/coscyl.com\/en\/wp-json\/wp\/v2\/users\/1"}],"replies":[{"embeddable":true,"href":"https:\/\/coscyl.com\/en\/wp-json\/wp\/v2\/comments?post=1159"}],"version-history":[{"count":1,"href":"https:\/\/coscyl.com\/en\/wp-json\/wp\/v2\/posts\/1159\/revisions"}],"predecessor-version":[{"id":1161,"href":"https:\/\/coscyl.com\/en\/wp-json\/wp\/v2\/posts\/1159\/revisions\/1161"}],"wp:featuredmedia":[{"embeddable":true,"href":"https:\/\/coscyl.com\/en\/wp-json\/wp\/v2\/media\/1160"}],"wp:attachment":[{"href":"https:\/\/coscyl.com\/en\/wp-json\/wp\/v2\/media?parent=1159"}],"wp:term":[{"taxonomy":"category","embeddable":true,"href":"https:\/\/coscyl.com\/en\/wp-json\/wp\/v2\/categories?post=1159"},{"taxonomy":"post_tag","embeddable":true,"href":"https:\/\/coscyl.com\/en\/wp-json\/wp\/v2\/tags?post=1159"}],"curies":[{"name":"wp","href":"https:\/\/api.w.org\/{rel}","templated":true}]}}