{"id":1123,"date":"2023-07-05T09:27:44","date_gmt":"2023-07-05T09:27:44","guid":{"rendered":"http:\/\/www.coscyl.com\/?p=1123"},"modified":"2023-07-05T09:27:44","modified_gmt":"2023-07-05T09:27:44","slug":"oscar-martinez-vila","status":"publish","type":"post","link":"https:\/\/coscyl.com\/en\/oscar-martinez-vila\/","title":{"rendered":"Oscar Mart\u00ednez Vila"},"content":{"rendered":"<p>Titulado Superior de Arte Dram\u00e1tico en la especialidad de Interpretaci\u00f3n.<\/p>\n\n\n\n<p>En 1991 form\u00f3 parte del \u2018TeatreJove\u2019 de la Fundaci\u00f3n Shakespeare de Espa\u00f1a hasta ingresar en 1994 en la Escuela Superior de Arte Dram\u00e1tico de Valencia. Actualmente cursa el M\u00e1ster Universitario de Estudios Avanzados de Teatro en la Universidad Internacional de La Rioja. Ha participado como actor en obras de Shakespeare, Buero Vallejo, Garc\u00eda Lorca, Arrabal y Nieva. Entre sus directores y profesores destacan Jaime Pujol, Manuel \u00c1ngel Conejero, Vicent Montalt, Eric Thamer, Christopher Sanderson (National Youth Theater GB), Bill Pinner (University College of Ripon and York St. John), Vicente Genov\u00e9s y David O\u00b4Shea (Manchester Metropolitan University).<\/p>\n\n\n\n<p>Su formaci\u00f3n musical y teatral le lleva a formar parte del equipo art\u00edstico de su maestro, el director de escena y Catedr\u00e1tico de Interpretaci\u00f3n Antonio D\u00edaz Zamora, en las \u00f3peras&nbsp;<strong>DER KAISER VON ATLANTIS<\/strong>&nbsp;de Ullmann (Festival Internacional de M\u00fasica Contempor\u00e1nea de Alicante),&nbsp;<strong>MADAMA BUTTERFLY<\/strong>&nbsp;de Puccini (Festival Puccini de Valencia) y&nbsp;<strong>LA SONNAMBULA<\/strong>&nbsp;de Bellini (Taller de \u00d3pera del Palau de la M\u00fasica de Valencia).<\/p>\n\n\n\n<p>Ha realizado la direcci\u00f3n esc\u00e9nica de&nbsp;<strong>DIDO AND ENEAS<\/strong>&nbsp;de Purcell y&nbsp;<strong>DER SCHAUSPIELDIREKTOR<\/strong>&nbsp;de Mozart con en teatros de Salamanca;&nbsp;<strong>ALCINA<\/strong>&nbsp;de H\u00e4ndel,&nbsp;<strong>LA FINTA GIARDINIERA<\/strong>&nbsp;y&nbsp;<strong>LE NOZZE DI FIGARO<\/strong>&nbsp;de Mozart,&nbsp;<strong>LA SONNAMBULA&nbsp;<\/strong>de Bellini,&nbsp;<strong>DON<\/strong>&nbsp;<strong>PASQUALE<\/strong>&nbsp;y&nbsp;<strong>LA<\/strong>&nbsp;<strong>FILLE<\/strong>&nbsp;<strong>DU<\/strong>&nbsp;<strong>R\u00c9GIMENT<\/strong>&nbsp;de Donizetti,&nbsp;<strong>LA<\/strong>&nbsp;<strong>TRAVIATA<\/strong>&nbsp;de Verdi,&nbsp;<strong>SUOR ANGELICA<\/strong>&nbsp;de Puccini, las zarzuelas&nbsp;<strong>EL BARBERO DE SEVILLA<\/strong>&nbsp;de Nieto-Gim\u00e9nez,&nbsp;<strong>EL BARBERILLO DE LAVAPI\u00c9S<\/strong>&nbsp;de Barbieri y&nbsp;<strong>LA TABERNERA DEL PUERTO<\/strong>&nbsp;de Soroz\u00e1bal con el Taller de \u00d3pera del Conservatorio Superior de Castilla y Le\u00f3n, donde ha colaborado con el Taller de M\u00fasica Contempor\u00e1nea en&nbsp;<strong>LA HISTORIA DEL SOLDADO<\/strong>&nbsp;de Stravinsky.<\/p>\n\n\n\n<p>Dirige&nbsp;<strong>LA SERVA PADRONA<\/strong>&nbsp;de Pergolesi con el Aula de Canto del Conservatorio Profesional&nbsp;<em>Pablo Sarasate<\/em>&nbsp;de Pamplona y el estreno en Espa\u00f1a de&nbsp;<strong>LA FEDE NE\u2019 TRADIMENTI&nbsp;<\/strong>de Ariosti con el Taller de \u00d3pera del Conservatorio Superior de Navarra en colaboraci\u00f3n con la Academia de M\u00fasica Antigua del Conservatorio Superior de Arag\u00f3n.<\/p>\n\n\n\n<p>Ha sido profesor de interpretaci\u00f3n invitado en la ESAD Valencia, profesor de expresi\u00f3n corporal en el M\u00e1ster de Especialista en Musicoterapia de la Universidad Pontificia de Salamanca, en el curso \u2018M\u00fasica y Pensamiento\u2019 de Castilla y Le\u00f3n, profesor de escena l\u00edrica en las Masterclases de Canto en Calahorra\/La Rioja y en el Conservatorio&nbsp;<em>Pablo Sarasate<\/em>&nbsp;de Pamplona.<\/p>\n\n\n\n<p>Es profesor de Escena L\u00edrica en el Conservatorio Superior de M\u00fasica de Castilla y Le\u00f3n desde el a\u00f1o 2000 y ha sido docente del Conservatorio Superior de Navarra entre 2006 y 2013, centrando su actividad en la formaci\u00f3n esc\u00e9nica del cantante<\/p>","protected":false},"excerpt":{"rendered":"<p>Titulado Superior de Arte Dram\u00e1tico en la especialidad de Interpretaci\u00f3n. En 1991 form\u00f3 parte del \u2018TeatreJove\u2019 de la Fundaci\u00f3n Shakespeare de Espa\u00f1a hasta ingresar en 1994 en la Escuela Superior de Arte Dram\u00e1tico de Valencia. Actualmente cursa el M\u00e1ster Universitario de Estudios Avanzados de Teatro en la Universidad Internacional de La Rioja. Ha participado como [&hellip;]<\/p>","protected":false},"author":1,"featured_media":1124,"comment_status":"open","ping_status":"open","sticky":false,"template":"","format":"standard","meta":{"footnotes":""},"categories":[40],"tags":[],"class_list":["post-1123","post","type-post","status-publish","format-standard","has-post-thumbnail","hentry","category-escena-lirica"],"_links":{"self":[{"href":"https:\/\/coscyl.com\/en\/wp-json\/wp\/v2\/posts\/1123","targetHints":{"allow":["GET"]}}],"collection":[{"href":"https:\/\/coscyl.com\/en\/wp-json\/wp\/v2\/posts"}],"about":[{"href":"https:\/\/coscyl.com\/en\/wp-json\/wp\/v2\/types\/post"}],"author":[{"embeddable":true,"href":"https:\/\/coscyl.com\/en\/wp-json\/wp\/v2\/users\/1"}],"replies":[{"embeddable":true,"href":"https:\/\/coscyl.com\/en\/wp-json\/wp\/v2\/comments?post=1123"}],"version-history":[{"count":1,"href":"https:\/\/coscyl.com\/en\/wp-json\/wp\/v2\/posts\/1123\/revisions"}],"predecessor-version":[{"id":1125,"href":"https:\/\/coscyl.com\/en\/wp-json\/wp\/v2\/posts\/1123\/revisions\/1125"}],"wp:featuredmedia":[{"embeddable":true,"href":"https:\/\/coscyl.com\/en\/wp-json\/wp\/v2\/media\/1124"}],"wp:attachment":[{"href":"https:\/\/coscyl.com\/en\/wp-json\/wp\/v2\/media?parent=1123"}],"wp:term":[{"taxonomy":"category","embeddable":true,"href":"https:\/\/coscyl.com\/en\/wp-json\/wp\/v2\/categories?post=1123"},{"taxonomy":"post_tag","embeddable":true,"href":"https:\/\/coscyl.com\/en\/wp-json\/wp\/v2\/tags?post=1123"}],"curies":[{"name":"wp","href":"https:\/\/api.w.org\/{rel}","templated":true}]}}